{"id":770,"date":"2023-03-03T18:17:37","date_gmt":"2023-03-03T17:17:37","guid":{"rendered":"https:\/\/www.norgeseliten.no\/naering\/?p=770"},"modified":"2026-01-15T12:38:43","modified_gmt":"2026-01-15T11:38:43","slug":"el-kontroll-star-elektrotermografi-pa-planen","status":"publish","type":"post","link":"https:\/\/www.norgeseliten.no\/naering\/aktuelt\/el-kontroll-star-elektrotermografi-pa-planen\/","title":{"rendered":"El-kontroll: St\u00e5r elektro\u00adtermografi p\u00e5 planen?"},"content":{"rendered":"","protected":false},"excerpt":{"rendered":"","protected":false},"author":170,"featured_media":0,"comment_status":"open","ping_status":"open","sticky":false,"template":"","format":"standard","meta":{"_acf_changed":false,"footnotes":""},"categories":[2,14,12],"tags":[39,28,26],"class_list":["post-770","post","type-post","status-publish","format-standard","hentry","category-bygg","category-el-tavle","category-serviceavtale","tag-el-kontroll","tag-elektrotermografi","tag-termografering"],"acf":[],"yoast_head":"<title>El-kontroll: St\u00e5r elektro\u00adtermografi p\u00e5 planen? - Norgeseliten N\u00e6ring<\/title>\n<meta name=\"description\" content=\"Mange branner i n\u00e6ringsbygg starter i sikringsskap og el-tavler. En el-kontroll med termografering avdekker kritiske feil f\u00f8r det er for sent.\" \/>\n<meta name=\"robots\" content=\"index, follow, max-snippet:-1, max-image-preview:large, max-video-preview:-1\" \/>\n<link rel=\"canonical\" href=\"https:\/\/www.norgeseliten.no\/naering\/aktuelt\/el-kontroll-star-elektrotermografi-pa-planen\/\" \/>\n<meta property=\"og:locale\" content=\"nb_NO\" \/>\n<meta property=\"og:type\" content=\"article\" \/>\n<meta property=\"og:title\" content=\"El-kontroll: St\u00e5r elektro\u00adtermografi p\u00e5 planen? - Norgeseliten N\u00e6ring\" \/>\n<meta property=\"og:description\" content=\"Mange branner i n\u00e6ringsbygg starter i sikringsskap og el-tavler. En el-kontroll med termografering avdekker kritiske feil f\u00f8r det er for sent.\" \/>\n<meta property=\"og:url\" content=\"https:\/\/www.norgeseliten.no\/naering\/aktuelt\/el-kontroll-star-elektrotermografi-pa-planen\/\" \/>\n<meta property=\"og:site_name\" content=\"Norgeseliten N\u00e6ring\" \/>\n<meta property=\"article:published_time\" content=\"2023-03-03T17:17:37+00:00\" \/>\n<meta property=\"article:modified_time\" content=\"2026-01-15T11:38:43+00:00\" \/>\n<meta name=\"author\" content=\"fjellvann\" \/>\n<meta name=\"twitter:card\" content=\"summary_large_image\" \/>\n<script type=\"application\/ld+json\" class=\"yoast-schema-graph\">{\"@context\":\"https:\\\/\\\/schema.org\",\"@graph\":[{\"@type\":\"Article\",\"@id\":\"https:\\\/\\\/www.norgeseliten.no\\\/naering\\\/aktuelt\\\/el-kontroll-star-elektrotermografi-pa-planen\\\/#article\",\"isPartOf\":{\"@id\":\"https:\\\/\\\/www.norgeseliten.no\\\/naering\\\/aktuelt\\\/el-kontroll-star-elektrotermografi-pa-planen\\\/\"},\"author\":{\"name\":\"fjellvann\",\"@id\":\"https:\\\/\\\/www.norgeseliten.no\\\/naering\\\/#\\\/schema\\\/person\\\/08fee52e0ee473a951e335769538e867\"},\"headline\":\"El-kontroll: St\u00e5r elektro\u00adtermografi p\u00e5 planen?\",\"datePublished\":\"2023-03-03T17:17:37+00:00\",\"dateModified\":\"2026-01-15T11:38:43+00:00\",\"mainEntityOfPage\":{\"@id\":\"https:\\\/\\\/www.norgeseliten.no\\\/naering\\\/aktuelt\\\/el-kontroll-star-elektrotermografi-pa-planen\\\/\"},\"wordCount\":7,\"commentCount\":0,\"keywords\":[\"el-kontroll\",\"elektrotermografi\",\"termografering\"],\"articleSection\":[\"Bygg\",\"El-tavle\",\"Serviceavtale\"],\"inLanguage\":\"nb-NO\",\"potentialAction\":[{\"@type\":\"CommentAction\",\"name\":\"Comment\",\"target\":[\"https:\\\/\\\/www.norgeseliten.no\\\/naering\\\/aktuelt\\\/el-kontroll-star-elektrotermografi-pa-planen\\\/#respond\"]}]},{\"@type\":\"WebPage\",\"@id\":\"https:\\\/\\\/www.norgeseliten.no\\\/naering\\\/aktuelt\\\/el-kontroll-star-elektrotermografi-pa-planen\\\/\",\"url\":\"https:\\\/\\\/www.norgeseliten.no\\\/naering\\\/aktuelt\\\/el-kontroll-star-elektrotermografi-pa-planen\\\/\",\"name\":\"El-kontroll: St\u00e5r elektro\u00adtermografi p\u00e5 planen? - Norgeseliten N\u00e6ring\",\"isPartOf\":{\"@id\":\"https:\\\/\\\/www.norgeseliten.no\\\/naering\\\/#website\"},\"datePublished\":\"2023-03-03T17:17:37+00:00\",\"dateModified\":\"2026-01-15T11:38:43+00:00\",\"author\":{\"@id\":\"https:\\\/\\\/www.norgeseliten.no\\\/naering\\\/#\\\/schema\\\/person\\\/08fee52e0ee473a951e335769538e867\"},\"description\":\"Mange branner i n\u00e6ringsbygg starter i sikringsskap og el-tavler. En el-kontroll med termografering avdekker kritiske feil f\u00f8r det er for sent.\",\"breadcrumb\":{\"@id\":\"https:\\\/\\\/www.norgeseliten.no\\\/naering\\\/aktuelt\\\/el-kontroll-star-elektrotermografi-pa-planen\\\/#breadcrumb\"},\"inLanguage\":\"nb-NO\",\"potentialAction\":[{\"@type\":\"ReadAction\",\"target\":[\"https:\\\/\\\/www.norgeseliten.no\\\/naering\\\/aktuelt\\\/el-kontroll-star-elektrotermografi-pa-planen\\\/\"]}]},{\"@type\":\"BreadcrumbList\",\"@id\":\"https:\\\/\\\/www.norgeseliten.no\\\/naering\\\/aktuelt\\\/el-kontroll-star-elektrotermografi-pa-planen\\\/#breadcrumb\",\"itemListElement\":[{\"@type\":\"ListItem\",\"position\":1,\"name\":\"Hjem\",\"item\":\"https:\\\/\\\/www.norgeseliten.no\\\/naering\\\/\"},{\"@type\":\"ListItem\",\"position\":2,\"name\":\"El-kontroll: St\u00e5r elektro\u00adtermografi p\u00e5 planen?\"}]},{\"@type\":\"WebSite\",\"@id\":\"https:\\\/\\\/www.norgeseliten.no\\\/naering\\\/#website\",\"url\":\"https:\\\/\\\/www.norgeseliten.no\\\/naering\\\/\",\"name\":\"Norgeseliten N\u00e6ring\",\"description\":\"\",\"potentialAction\":[{\"@type\":\"SearchAction\",\"target\":{\"@type\":\"EntryPoint\",\"urlTemplate\":\"https:\\\/\\\/www.norgeseliten.no\\\/naering\\\/?s={search_term_string}\"},\"query-input\":{\"@type\":\"PropertyValueSpecification\",\"valueRequired\":true,\"valueName\":\"search_term_string\"}}],\"inLanguage\":\"nb-NO\"},{\"@type\":\"Person\",\"@id\":\"https:\\\/\\\/www.norgeseliten.no\\\/naering\\\/#\\\/schema\\\/person\\\/08fee52e0ee473a951e335769538e867\",\"name\":\"fjellvann\",\"image\":{\"@type\":\"ImageObject\",\"inLanguage\":\"nb-NO\",\"@id\":\"https:\\\/\\\/secure.gravatar.com\\\/avatar\\\/3e790655eef91c4134c9aa84537bd6c972cc346e0f0138cd0c75fc07bafd130b?s=96&d=mm&r=g\",\"url\":\"https:\\\/\\\/secure.gravatar.com\\\/avatar\\\/3e790655eef91c4134c9aa84537bd6c972cc346e0f0138cd0c75fc07bafd130b?s=96&d=mm&r=g\",\"contentUrl\":\"https:\\\/\\\/secure.gravatar.com\\\/avatar\\\/3e790655eef91c4134c9aa84537bd6c972cc346e0f0138cd0c75fc07bafd130b?s=96&d=mm&r=g\",\"caption\":\"fjellvann\"}}]}<\/script>","yoast_head_json":{"title":"El-kontroll: St\u00e5r elektro\u00adtermografi p\u00e5 planen? - Norgeseliten N\u00e6ring","description":"Mange branner i n\u00e6ringsbygg starter i sikringsskap og el-tavler. En el-kontroll med termografering avdekker kritiske feil f\u00f8r det er for sent.","robots":{"index":"index","follow":"follow","max-snippet":"max-snippet:-1","max-image-preview":"max-image-preview:large","max-video-preview":"max-video-preview:-1"},"canonical":"https:\/\/www.norgeseliten.no\/naering\/aktuelt\/el-kontroll-star-elektrotermografi-pa-planen\/","og_locale":"nb_NO","og_type":"article","og_title":"El-kontroll: St\u00e5r elektro\u00adtermografi p\u00e5 planen? - Norgeseliten N\u00e6ring","og_description":"Mange branner i n\u00e6ringsbygg starter i sikringsskap og el-tavler. En el-kontroll med termografering avdekker kritiske feil f\u00f8r det er for sent.","og_url":"https:\/\/www.norgeseliten.no\/naering\/aktuelt\/el-kontroll-star-elektrotermografi-pa-planen\/","og_site_name":"Norgeseliten N\u00e6ring","article_published_time":"2023-03-03T17:17:37+00:00","article_modified_time":"2026-01-15T11:38:43+00:00","author":"fjellvann","twitter_card":"summary_large_image","schema":{"@context":"https:\/\/schema.org","@graph":[{"@type":"Article","@id":"https:\/\/www.norgeseliten.no\/naering\/aktuelt\/el-kontroll-star-elektrotermografi-pa-planen\/#article","isPartOf":{"@id":"https:\/\/www.norgeseliten.no\/naering\/aktuelt\/el-kontroll-star-elektrotermografi-pa-planen\/"},"author":{"name":"fjellvann","@id":"https:\/\/www.norgeseliten.no\/naering\/#\/schema\/person\/08fee52e0ee473a951e335769538e867"},"headline":"El-kontroll: St\u00e5r elektro\u00adtermografi p\u00e5 planen?","datePublished":"2023-03-03T17:17:37+00:00","dateModified":"2026-01-15T11:38:43+00:00","mainEntityOfPage":{"@id":"https:\/\/www.norgeseliten.no\/naering\/aktuelt\/el-kontroll-star-elektrotermografi-pa-planen\/"},"wordCount":7,"commentCount":0,"keywords":["el-kontroll","elektrotermografi","termografering"],"articleSection":["Bygg","El-tavle","Serviceavtale"],"inLanguage":"nb-NO","potentialAction":[{"@type":"CommentAction","name":"Comment","target":["https:\/\/www.norgeseliten.no\/naering\/aktuelt\/el-kontroll-star-elektrotermografi-pa-planen\/#respond"]}]},{"@type":"WebPage","@id":"https:\/\/www.norgeseliten.no\/naering\/aktuelt\/el-kontroll-star-elektrotermografi-pa-planen\/","url":"https:\/\/www.norgeseliten.no\/naering\/aktuelt\/el-kontroll-star-elektrotermografi-pa-planen\/","name":"El-kontroll: St\u00e5r elektro\u00adtermografi p\u00e5 planen? - Norgeseliten N\u00e6ring","isPartOf":{"@id":"https:\/\/www.norgeseliten.no\/naering\/#website"},"datePublished":"2023-03-03T17:17:37+00:00","dateModified":"2026-01-15T11:38:43+00:00","author":{"@id":"https:\/\/www.norgeseliten.no\/naering\/#\/schema\/person\/08fee52e0ee473a951e335769538e867"},"description":"Mange branner i n\u00e6ringsbygg starter i sikringsskap og el-tavler. En el-kontroll med termografering avdekker kritiske feil f\u00f8r det er for sent.","breadcrumb":{"@id":"https:\/\/www.norgeseliten.no\/naering\/aktuelt\/el-kontroll-star-elektrotermografi-pa-planen\/#breadcrumb"},"inLanguage":"nb-NO","potentialAction":[{"@type":"ReadAction","target":["https:\/\/www.norgeseliten.no\/naering\/aktuelt\/el-kontroll-star-elektrotermografi-pa-planen\/"]}]},{"@type":"BreadcrumbList","@id":"https:\/\/www.norgeseliten.no\/naering\/aktuelt\/el-kontroll-star-elektrotermografi-pa-planen\/#breadcrumb","itemListElement":[{"@type":"ListItem","position":1,"name":"Hjem","item":"https:\/\/www.norgeseliten.no\/naering\/"},{"@type":"ListItem","position":2,"name":"El-kontroll: St\u00e5r elektro\u00adtermografi p\u00e5 planen?"}]},{"@type":"WebSite","@id":"https:\/\/www.norgeseliten.no\/naering\/#website","url":"https:\/\/www.norgeseliten.no\/naering\/","name":"Norgeseliten N\u00e6ring","description":"","potentialAction":[{"@type":"SearchAction","target":{"@type":"EntryPoint","urlTemplate":"https:\/\/www.norgeseliten.no\/naering\/?s={search_term_string}"},"query-input":{"@type":"PropertyValueSpecification","valueRequired":true,"valueName":"search_term_string"}}],"inLanguage":"nb-NO"},{"@type":"Person","@id":"https:\/\/www.norgeseliten.no\/naering\/#\/schema\/person\/08fee52e0ee473a951e335769538e867","name":"fjellvann","image":{"@type":"ImageObject","inLanguage":"nb-NO","@id":"https:\/\/secure.gravatar.com\/avatar\/3e790655eef91c4134c9aa84537bd6c972cc346e0f0138cd0c75fc07bafd130b?s=96&d=mm&r=g","url":"https:\/\/secure.gravatar.com\/avatar\/3e790655eef91c4134c9aa84537bd6c972cc346e0f0138cd0c75fc07bafd130b?s=96&d=mm&r=g","contentUrl":"https:\/\/secure.gravatar.com\/avatar\/3e790655eef91c4134c9aa84537bd6c972cc346e0f0138cd0c75fc07bafd130b?s=96&d=mm&r=g","caption":"fjellvann"}}]}},"_links":{"self":[{"href":"https:\/\/www.norgeseliten.no\/naering\/wp-json\/wp\/v2\/posts\/770","targetHints":{"allow":["GET"]}}],"collection":[{"href":"https:\/\/www.norgeseliten.no\/naering\/wp-json\/wp\/v2\/posts"}],"about":[{"href":"https:\/\/www.norgeseliten.no\/naering\/wp-json\/wp\/v2\/types\/post"}],"author":[{"embeddable":true,"href":"https:\/\/www.norgeseliten.no\/naering\/wp-json\/wp\/v2\/users\/170"}],"replies":[{"embeddable":true,"href":"https:\/\/www.norgeseliten.no\/naering\/wp-json\/wp\/v2\/comments?post=770"}],"version-history":[{"count":5,"href":"https:\/\/www.norgeseliten.no\/naering\/wp-json\/wp\/v2\/posts\/770\/revisions"}],"predecessor-version":[{"id":1028,"href":"https:\/\/www.norgeseliten.no\/naering\/wp-json\/wp\/v2\/posts\/770\/revisions\/1028"}],"wp:attachment":[{"href":"https:\/\/www.norgeseliten.no\/naering\/wp-json\/wp\/v2\/media?parent=770"}],"wp:term":[{"taxonomy":"category","embeddable":true,"href":"https:\/\/www.norgeseliten.no\/naering\/wp-json\/wp\/v2\/categories?post=770"},{"taxonomy":"post_tag","embeddable":true,"href":"https:\/\/www.norgeseliten.no\/naering\/wp-json\/wp\/v2\/tags?post=770"}],"curies":[{"name":"wp","href":"https:\/\/api.w.org\/{rel}","templated":true}]}}